{"id":1946,"date":"2026-07-14T17:30:41","date_gmt":"2026-07-14T20:30:41","guid":{"rendered":"https:\/\/opinioncalificada.com.ar\/?p=1946"},"modified":"2026-07-14T17:30:48","modified_gmt":"2026-07-14T20:30:48","slug":"mardel-cartelera-cultural-de-los-proximos-dias","status":"publish","type":"post","link":"https:\/\/opinioncalificada.com.ar\/?p=1946","title":{"rendered":"Mardel: Cartelera cultural de los pr\u00f3ximos d\u00edas"},"content":{"rendered":"\n<h2 class=\"wp-block-heading\"><em>El Municipio detall\u00f3 las propuestas recreativas y de formaci\u00f3n para los pr\u00f3ximos d\u00edas en Mar del Plata. La programaci\u00f3n incluye conciertos de organismos art\u00edsticos en el Teatro Col\u00f3n, visitas diarias en el Museo Scaglia y un taller de libros desplegables en el Museo Castagnino.<\/em><\/h2>\n\n\n\n<hr class=\"wp-block-separator has-text-color has-vivid-cyan-blue-color has-alpha-channel-opacity has-vivid-cyan-blue-background-color has-background is-style-wide\"\/>\n\n\n\n<p>La Municipalidad de Gral. Pueyrredon informa las actividades destacadas de los museos y organismos art\u00edsticos que se destacan para los pr\u00f3ximos d\u00edas.<\/p>\n\n\n\n<p>Por un lado, el Museo de Ciencias Naturales \u201cLorenzo Scaglia\u201d, ubicado en av. Libertad 3099, ofrece visitas guiadas todos los d\u00edas a las 10 (excepto los martes que el Museo permanece cerrado).<\/p>\n\n\n\n<p>El Teatro Col\u00f3n, ubicado en Hip\u00f3lito Yrigoyen 1665, ofrece una serie de conciertos de los organismos en los pr\u00f3ximos d\u00edas.<\/p>\n\n\n\n<p>La agenda comenzar\u00e1 el jueves 16 a las 20 con la presentaci\u00f3n de la Orquesta Municipal de Tango. Bajo la direcci\u00f3n de su director titular, el maestro Julio D\u00e1vila, la agrupaci\u00f3n ofrecer\u00e1 un concierto con programa a confirmar. Las entradas generales tienen un valor de $6.900, mientras que para jubilados, residentes y estudiantes el costo es de $5.100.<\/p>\n\n\n\n<p>El viernes 17 a las 20 ser\u00e1 el turno del espect\u00e1culo \u00abSiempre Amores\u00bb, una propuesta que reunir\u00e1 en el escenario a la reconocida cantante Cecilia Milone junto a la Banda Sinf\u00f3nica Municipal. El concierto contar\u00e1 con la direcci\u00f3n de su director titular, el maestro Jos\u00e9 Mar\u00eda Ulla. Para esta funci\u00f3n, la entrada general se fij\u00f3 en $12.000 y el pase para jubilados, residentes y estudiantes en $9.000.<\/p>\n\n\n\n<p>Finalmente, el s\u00e1bado 18 a las 20 se presentar\u00e1 la Orquesta Sinf\u00f3nica Municipal con el concierto denominado \u00abIluminismo sinf\u00f3nico\u00bb. El programa incluir\u00e1 la obertura de \u00abBodas de F\u00edgaro\u00bb y el aria \u00abVoi che sapete\u00bb de la misma \u00f3pera de W. A. Mozart, con la participaci\u00f3n de la soprano solista Catalina Go\u00f1i Pati\u00f1o. Asimismo, se interpretar\u00e1 el Concierto para Oboe y Cuerdas de B. Marcello, que contar\u00e1 con la actuaci\u00f3n del solista Felipe Sosa, y la Sinfon\u00eda N.\u00ba 104 \u00abLondres\u00bb de J. Haydn. La gala tendr\u00e1 como director invitado al maestro Jos\u00e9 Ulla, bajo la direcci\u00f3n titular del maestro Guillermo Becerra. Las entradas generales para este concierto se pueden adquirir a $6.900, y a $5.100 para jubilados, residentes y estudiantes.<\/p>\n\n\n\n<p>Por otro lado, el Museo Juan Carlos Castagnino, ubicado en av. Col\u00f3n 1189, el s\u00e1bado 18 de 15 a 17 se realizar\u00e1 el Workshop introductorio orientado a conocer los principios b\u00e1sicos de los libros m\u00f3viles y las estructuras pop-up mediante ejercicios pr\u00e1cticos y la construcci\u00f3n de piezas desplegables, a cargo de Maby S\u00e1nchez. El valor es de $20.000 y la inscripci\u00f3n se realiza a trav\u00e9s del siguiente formulario de inscripci\u00f3n: https:\/\/forms.gle\/NJ8tPsMtP5hQF2u89<\/p>\n\n\n\n<figure class=\"wp-block-video\"><video height=\"1080\" style=\"aspect-ratio: 1920 \/ 1080;\" width=\"1920\" controls src=\"https:\/\/opinioncalificada.com.ar\/wp-content\/uploads\/2026\/07\/cultura-3.mp4\"><\/video><\/figure>\n\n\n\n<details class=\"wp-block-details is-layout-flow wp-block-details-is-layout-flow\"><summary>Fuente: Prensa<\/summary>\n<p><\/p>\n<\/details>\n","protected":false},"excerpt":{"rendered":"<p>El Municipio detall\u00f3 las propuestas recreativas y de formaci\u00f3n para los pr\u00f3ximos d\u00edas <\/p>\n","protected":false},"author":5,"featured_media":1951,"comment_status":"closed","ping_status":"closed","sticky":false,"template":"","format":"standard","meta":{"footnotes":""},"categories":[21,1],"tags":[772,694,695],"class_list":["post-1946","post","type-post","status-publish","format-standard","has-post-thumbnail","hentry","category-mar-del-plata","category-vivir-bien","tag-cultura-mar-del-plata","tag-destacadas","tag-info"],"_links":{"self":[{"href":"https:\/\/opinioncalificada.com.ar\/index.php?rest_route=\/wp\/v2\/posts\/1946","targetHints":{"allow":["GET"]}}],"collection":[{"href":"https:\/\/opinioncalificada.com.ar\/index.php?rest_route=\/wp\/v2\/posts"}],"about":[{"href":"https:\/\/opinioncalificada.com.ar\/index.php?rest_route=\/wp\/v2\/types\/post"}],"author":[{"embeddable":true,"href":"https:\/\/opinioncalificada.com.ar\/index.php?rest_route=\/wp\/v2\/users\/5"}],"replies":[{"embeddable":true,"href":"https:\/\/opinioncalificada.com.ar\/index.php?rest_route=%2Fwp%2Fv2%2Fcomments&post=1946"}],"version-history":[{"count":1,"href":"https:\/\/opinioncalificada.com.ar\/index.php?rest_route=\/wp\/v2\/posts\/1946\/revisions"}],"predecessor-version":[{"id":1952,"href":"https:\/\/opinioncalificada.com.ar\/index.php?rest_route=\/wp\/v2\/posts\/1946\/revisions\/1952"}],"wp:featuredmedia":[{"embeddable":true,"href":"https:\/\/opinioncalificada.com.ar\/index.php?rest_route=\/wp\/v2\/media\/1951"}],"wp:attachment":[{"href":"https:\/\/opinioncalificada.com.ar\/index.php?rest_route=%2Fwp%2Fv2%2Fmedia&parent=1946"}],"wp:term":[{"taxonomy":"category","embeddable":true,"href":"https:\/\/opinioncalificada.com.ar\/index.php?rest_route=%2Fwp%2Fv2%2Fcategories&post=1946"},{"taxonomy":"post_tag","embeddable":true,"href":"https:\/\/opinioncalificada.com.ar\/index.php?rest_route=%2Fwp%2Fv2%2Ftags&post=1946"}],"curies":[{"name":"wp","href":"https:\/\/api.w.org\/{rel}","templated":true}]}}