{"id":421,"date":"2017-01-21T01:33:38","date_gmt":"2017-01-21T04:33:38","guid":{"rendered":"http:\/\/opinioncalificada.com.ar\/?p=421"},"modified":"2017-01-21T01:33:38","modified_gmt":"2017-01-21T04:33:38","slug":"las-nuevas-tecnologias","status":"publish","type":"post","link":"https:\/\/opinioncalificada.com.ar\/?p=421","title":{"rendered":"Las nuevas tecnolog\u00edas.."},"content":{"rendered":"<p>Llegaron para quedarse. Cu\u00e1nto m\u00e1s r\u00e1pida sea la adaptaci\u00f3n al cambio, menos se sufrir\u00e1 en la transici\u00f3n.<\/p>\n<p>&nbsp;<\/p>\n<p>&nbsp;<\/p>\n<p><img loading=\"lazy\" decoding=\"async\" class=\"alignnone  wp-image-424 aligncenter\" src=\"http:\/\/opinioncalificada.com.ar\/wp-content\/uploads\/2017\/01\/capacitacion7-300x190.jpg\" alt=\"\" width=\"407\" height=\"258\" \/><\/p>\n<p>&nbsp;<\/p>\n<p>&nbsp;<\/p>\n<p>Sirve el dato tanto al usuario como a las empresas. El cambio es imparable y a la ola, mejor aompa\u00f1arla.!<\/p>\n<p>&nbsp;<\/p>\n<p>VIDEO |<\/p>\n<p><iframe loading=\"lazy\" src=\"https:\/\/www.youtube.com\/embed\/Pl0FPeYipdk?showinfo=0\" width=\"560\" height=\"315\" frameborder=\"0\" allowfullscreen=\"allowfullscreen\"><\/iframe><\/p>\n<p>&nbsp;<\/p>\n<hr \/>\n<p>&nbsp;<\/p>\n","protected":false},"excerpt":{"rendered":"<p>Llegaron para quedarse. Cu\u00e1nto m\u00e1s r\u00e1pida sea la adaptaci\u00f3n al cambio, menos se sufrir\u00e1 en la transici\u00f3n. &nbsp; &nbsp; &nbsp; &nbsp; Sirve el dato tanto al usuario como a las empresas. El cambio es imparable y a la ola, mejor <a href=\"https:\/\/opinioncalificada.com.ar\/?p=421\"> Read more&#8230;<\/a><\/p>\n","protected":false},"author":4,"featured_media":0,"comment_status":"open","ping_status":"open","sticky":false,"template":"","format":"standard","meta":{"footnotes":""},"categories":[1],"tags":[138,10,15,71,36,52],"class_list":["post-421","post","type-post","status-publish","format-standard","hentry","category-vivir-bien","tag-el-avance-de-las-nuevas-tecnologias","tag-opinion-calificada","tag-patricia-silva","tag-patyos-producciones","tag-radio-latitudsur-fm-106-5-mar-del-plata","tag-segurpress"],"_links":{"self":[{"href":"https:\/\/opinioncalificada.com.ar\/index.php?rest_route=\/wp\/v2\/posts\/421","targetHints":{"allow":["GET"]}}],"collection":[{"href":"https:\/\/opinioncalificada.com.ar\/index.php?rest_route=\/wp\/v2\/posts"}],"about":[{"href":"https:\/\/opinioncalificada.com.ar\/index.php?rest_route=\/wp\/v2\/types\/post"}],"author":[{"embeddable":true,"href":"https:\/\/opinioncalificada.com.ar\/index.php?rest_route=\/wp\/v2\/users\/4"}],"replies":[{"embeddable":true,"href":"https:\/\/opinioncalificada.com.ar\/index.php?rest_route=%2Fwp%2Fv2%2Fcomments&post=421"}],"version-history":[{"count":2,"href":"https:\/\/opinioncalificada.com.ar\/index.php?rest_route=\/wp\/v2\/posts\/421\/revisions"}],"predecessor-version":[{"id":425,"href":"https:\/\/opinioncalificada.com.ar\/index.php?rest_route=\/wp\/v2\/posts\/421\/revisions\/425"}],"wp:attachment":[{"href":"https:\/\/opinioncalificada.com.ar\/index.php?rest_route=%2Fwp%2Fv2%2Fmedia&parent=421"}],"wp:term":[{"taxonomy":"category","embeddable":true,"href":"https:\/\/opinioncalificada.com.ar\/index.php?rest_route=%2Fwp%2Fv2%2Fcategories&post=421"},{"taxonomy":"post_tag","embeddable":true,"href":"https:\/\/opinioncalificada.com.ar\/index.php?rest_route=%2Fwp%2Fv2%2Ftags&post=421"}],"curies":[{"name":"wp","href":"https:\/\/api.w.org\/{rel}","templated":true}]}}